{"id":60,"date":"2022-12-05T06:27:04","date_gmt":"2022-12-05T05:27:04","guid":{"rendered":"https:\/\/aiguillestraildesneiges.fr\/?p=60"},"modified":"2025-01-04T13:24:49","modified_gmt":"2025-01-04T12:24:49","slug":"vauclusette","status":"publish","type":"post","link":"https:\/\/aiguillestraildesneiges.fr\/?p=60","title":{"rendered":"Parcours de la Vauclusette 9km"},"content":{"rendered":"\n<h2 class=\"wp-block-heading\">Samedi 1 Mars 2025 \u00e0 18h00<\/h2>\n\n\n\n<h2 class=\"wp-block-heading\">9 km et 300D+   <\/h2>\n\n\n\n<p><strong>Inscriptions limit\u00e9es \u00e0 100 coureurs<\/strong> . Parcours disponible sur <a href=\"https:\/\/tracedetrail.fr\/fr\/trace\/trace\/204101\">Trace de Trail<\/a>  Vous prendrez le d\u00e9part au niveau du front de neige<\/p>\n\n\n\n\n\n<iframe src=\"https:\/\/tracedetrail.fr\/fr\/iframe\/4255\" allowfullscreen style=\"border: 0;width: 100%; height: 800px;\" scrolling=\"no\"><\/iframe>\n\n\n\n<p>Parcours disponible sur <a href=\"https:\/\/tracedetrail.fr\/fr\/trace\/trace\/204101\">Trace de Trail<\/a> <\/p>\n\n\n\n\n\n<p>Vous prendrez le d\u00e9part au niveau du front de neige, vous amorcez alors une mont\u00e9e douce sur la piste verte Cassiop\u00e9e avant d\u2019emprunter le sentier panoramique qui vous offrira des vues magnifiques sur le village de R\u00e9allon.  Ensuite ce sentier vous conduira par le hameau de Vaucluse jusqu\u2019au lieu-dit La Pourach\u00e8re o\u00f9 aura lieu le premier ravitaillement. Vous commencerez alors une belle descente qui vous conduira sur le chemin du Bourget o\u00f9 vous rejoindrez les pistes de ski de fond des Mallets qui vous conduiront jusqu\u2019\u00e0 la station et le front de neige. Pile \u00e0 temps pour se r\u00e9chauffer autour d&rsquo;une bonne croziflette.<\/p>\n\n\n\n<h3 class=\"wp-block-heading\"><strong>Tarif trail&nbsp;:\n<\/strong><\/h3>\n\n\n\n<p>&#8211; Avant le 8 Janvier 2025 : 9\u20ac<\/p>\n\n\n\n<p>&#8211; Avant le 5 F\u00e9vrier 2025 :11\u20ac<\/p>\n\n\n\n<p>&#8211; Avant le 28 F\u00e9vrier 2025 :13\u20ac<\/p>\n\n\n\n<p>&#8211;&nbsp; Sur place: 16\u20ac<\/p>\n\n\n\n<h3 class=\"wp-block-heading\"><strong>Mat\u00e9riel obligatoire&nbsp;: <\/strong><\/h3>\n\n\n\n<p>Nous rappelons que ce trail est ouvert \u00e0 tout le monde, cependant nous pr\u00e9f\u00e9rons obliger les coureurs \u00e0 avoir&nbsp;: <\/p>\n\n\n\n<p>&#8211; R\u00e9serve d&rsquo;eau<\/p>\n\n\n\n<p>&#8211; Barres ou gels \u00e9nerg\u00e9tiques<\/p>\n\n\n\n<p>&#8211; T\u00e9l\u00e9phone charg\u00e9 <\/p>\n\n\n\n<p>&#8211; Sifflet<\/p>\n\n\n\n<p>&#8211; Une lampe frontale<\/p>\n\n\n\n<h3 class=\"wp-block-heading\"> <strong>Informations&nbsp;:<\/strong><\/h3>\n\n\n\n<h3 class=\"wp-block-heading\"><strong>Samedi 1 Mars  10h-12 h au d\u00e9cathlon Gap puis de 16h jusqu&rsquo;\u00e0 17h30 sur le front de neige de la station de R\u00e9allon.<\/strong><\/h3>\n\n\n\n<p>&#8211; D\u00e9part&nbsp;: Samedi 1 Mars 2025 \u00e0 18h00 sur le Front de Neige de R\u00e9allon<\/p>\n\n\n\n<p>Inscription : <a href=\"https:\/\/in.njuko.com\/aiguilles-trail-des-neiges-20251729521632922?currentPage=select-competition\">ICI<\/a><\/p>\n\n\n\n<p class=\"has-text-align-center\"><a href=\"https:\/\/in.njuko.com\/aiguilles-trail-des-neiges-20251729521632922?currentPage=select-competition\"><img loading=\"lazy\" decoding=\"async\" width=\"150\" height=\"61\" class=\"wp-image-1303\" style=\"width: 150px;\" src=\"https:\/\/aiguillestraildesneiges.fr\/wp-content\/uploads\/2019\/10\/My-outdoor-box-e1570788315335.png\" alt=\"\"><\/a><\/p>\n\n\n\n<p>Veuillez trouvez le r\u00e8glement<a href=\"https:\/\/aiguillestraildesneiges.fr\/?page_id=194\"> ici <\/a><\/p>\n\n\n\n\n","protected":false},"excerpt":{"rendered":"<p>Samedi 1 Mars 2025 \u00e0 18h00 9 km et 300D+ Inscriptions limit\u00e9es \u00e0 100 coureurs . Parcours disponible sur Trace de Trail Vous prendrez le d\u00e9part au niveau du front<a class=\"read-more\" href=\"https:\/\/aiguillestraildesneiges.fr\/?p=60\">Lire la Suite <\/a><\/p>\n","protected":false},"author":2,"featured_media":2087,"comment_status":"closed","ping_status":"closed","sticky":false,"template":"","format":"standard","meta":{"footnotes":""},"categories":[7],"tags":[40],"class_list":["post-60","post","type-post","status-publish","format-standard","has-post-thumbnail","hentry","category-courses","tag-9km"],"_links":{"self":[{"href":"https:\/\/aiguillestraildesneiges.fr\/index.php?rest_route=\/wp\/v2\/posts\/60","targetHints":{"allow":["GET"]}}],"collection":[{"href":"https:\/\/aiguillestraildesneiges.fr\/index.php?rest_route=\/wp\/v2\/posts"}],"about":[{"href":"https:\/\/aiguillestraildesneiges.fr\/index.php?rest_route=\/wp\/v2\/types\/post"}],"author":[{"embeddable":true,"href":"https:\/\/aiguillestraildesneiges.fr\/index.php?rest_route=\/wp\/v2\/users\/2"}],"replies":[{"embeddable":true,"href":"https:\/\/aiguillestraildesneiges.fr\/index.php?rest_route=%2Fwp%2Fv2%2Fcomments&post=60"}],"version-history":[{"count":9,"href":"https:\/\/aiguillestraildesneiges.fr\/index.php?rest_route=\/wp\/v2\/posts\/60\/revisions"}],"predecessor-version":[{"id":2277,"href":"https:\/\/aiguillestraildesneiges.fr\/index.php?rest_route=\/wp\/v2\/posts\/60\/revisions\/2277"}],"wp:featuredmedia":[{"embeddable":true,"href":"https:\/\/aiguillestraildesneiges.fr\/index.php?rest_route=\/wp\/v2\/media\/2087"}],"wp:attachment":[{"href":"https:\/\/aiguillestraildesneiges.fr\/index.php?rest_route=%2Fwp%2Fv2%2Fmedia&parent=60"}],"wp:term":[{"taxonomy":"category","embeddable":true,"href":"https:\/\/aiguillestraildesneiges.fr\/index.php?rest_route=%2Fwp%2Fv2%2Fcategories&post=60"},{"taxonomy":"post_tag","embeddable":true,"href":"https:\/\/aiguillestraildesneiges.fr\/index.php?rest_route=%2Fwp%2Fv2%2Ftags&post=60"}],"curies":[{"name":"wp","href":"https:\/\/api.w.org\/{rel}","templated":true}]}}