{"id":58,"date":"2022-12-05T06:26:34","date_gmt":"2022-12-05T05:26:34","guid":{"rendered":"https:\/\/aiguillestraildesneiges.fr\/?p=58"},"modified":"2025-01-04T13:27:01","modified_gmt":"2025-01-04T12:27:01","slug":"vaucluse","status":"publish","type":"post","link":"https:\/\/aiguillestraildesneiges.fr\/?p=58","title":{"rendered":"Parcours du Vaucluse 14km"},"content":{"rendered":"\n<h3>Samedi\u00a0 1 Mars 2025 \u00e0 17h30 : 14 km pour 800D+\u00a0<\/h3>\n<p>Parcours disponible sur <a href=\"https:\/\/tracedetrail.fr\/fr\/trace\/trace\/204102\">Trace de Trail<\/a> . Comme pour le parcours de la Vauclusette vous prendrez le d\u00e9part au niveau du front de neige.<\/p>\n\n\n\n<iframe src=\"https:\/\/tracedetrail.fr\/fr\/iframe\/4256\" allowfullscreen style=\"border: 0;width: 100%; height: 800px;\" scrolling=\"no\"><\/iframe>\n\n\n\n<p><\/p>\n\n\n\n<p> D\u00e8s le d\u00e9part vous amorcez alors une mont\u00e9e douce sur la piste verte Cassiop\u00e9e avant d\u2019emprunter le sentier panoramique qui vous offrira des vues magnifiques sur le village de R\u00e9allon.Ensuite ce sentier vous conduira par le hameau de Vaucluse jusqu\u2019au lieu-dit La Pourach\u00e8re o\u00f9 aura lieu le premier ravitaillement. C&rsquo;est l\u00e0 que les parcours se s\u00e9parent, vous prendrez direction le camping de R\u00e9allon par les pistes de ski de fond. Vous longez alors le torrent avant de remonter vers le hameau du Mallet et retrouver la station et le front de neige. Pile \u00e0 temps pour manger une bonne croziflette !<\/p>\n\n\n\n<p>Vous pouvez c\u00e9galement r\u00e9server votre Weekend chez nos partenaires logement, qui vous offres un Panel important de logements et pour tous les prix!  <\/p>\n\n\n\n<h4 class=\"wp-block-heading\"><strong>Tarif  du trail : <\/strong><\/h4>\n\n\n\n<p>&#8211; Avant le 8 Janvier 2025:&nbsp; 13 euros<\/p>\n\n\n\n<p>&#8211; Avant le 5 F\u00e9vrier 2025 : 15 euros<\/p>\n\n\n\n<p>&#8211; Avant le 28 F\u00e9vrier 2025 : 17 euros<\/p>\n\n\n\n<p>&#8211;&nbsp; Sur place&nbsp; 20 euros <\/p>\n\n\n\n<p>N\u2019h\u00e9sitez pas \u00e0 nous contacter directement pour les tarifs de groupes (sup\u00e9rieur \u00e0 5 personnes) <\/p>\n\n\n\n<h4 class=\"wp-block-heading\"><strong>Mat\u00e9riel Obligatoire&nbsp;: <\/strong><\/h4>\n\n\n\n<p>Nous rappelons que ce trail est ouvert \u00e0 tous le monde, cependant nous pr\u00e9f\u00e9rons obliger les coureurs \u00e0 avoir&nbsp;: <\/p>\n\n\n\n<p>&#8211; R\u00e9serve de 1 litre d\u2019eau<\/p>\n\n\n\n<p>&#8211; Barre ou Gel \u00e9nerg\u00e9tiques<\/p>\n\n\n\n<p>&#8211; T\u00e9l\u00e9phone charg\u00e9 <\/p>\n\n\n\n<p>&#8211; Sifflet <\/p>\n\n\n\n<p> &#8211; Couverture de Survie<\/p>\n\n\n\n<p>&#8211;  Lampe frontale <\/p>\n\n\n\n<p>&#8211; Gants et bonnet<\/p>\n\n\n\n<h4 class=\"wp-block-heading\"><strong>Informations&nbsp;: <\/strong><\/h4>\n\n\n\n<p>&#8211; Remise des Dossards&nbsp;:<\/p>\n\n\n\n<p>Samedi 1 Mars 10h-12h au D\u00e9cathlon Gap puis 16h-17h30 \u00e0 la Station de R\u00e9allon jusqu\u2019\u00e0 30min avant le d\u00e9part<\/p>\n\n\n\n<p>&#8211; D\u00e9part&nbsp;: Samedi 1 Mars 2025 \u00e0 17h30 sur le Front de Neige de R\u00e9allon<\/p>\n\n\n\n<p>Inscription : <a href=\"https:\/\/in.njuko.com\/aiguilles-trail-des-neiges-20251729521632922?currentPage=select-competition\">ICI<\/a><\/p>\n\n\n\n<p class=\"has-text-align-center\"><a href=\"https:\/\/in.njuko.com\/aiguilles-trail-des-neiges-20251729521632922?currentPage=select-competition\"><img loading=\"lazy\" decoding=\"async\" width=\"150\" height=\"61\" class=\"wp-image-1303\" style=\"width: 150px;\" src=\"https:\/\/aiguillestraildesneiges.fr\/wp-content\/uploads\/2019\/10\/My-outdoor-box-e1570788315335.png\" alt=\"\"><\/a><\/p>\n","protected":false},"excerpt":{"rendered":"<p>Samedi\u00a0 1 Mars 2025 \u00e0 17h30 : 14 km pour 800D+\u00a0 Parcours disponible sur Trace de Trail . Comme pour le parcours de la Vauclusette vous prendrez le d\u00e9part au<a class=\"read-more\" href=\"https:\/\/aiguillestraildesneiges.fr\/?p=58\">Lire la Suite <\/a><\/p>\n","protected":false},"author":2,"featured_media":2084,"comment_status":"closed","ping_status":"closed","sticky":false,"template":"","format":"standard","meta":{"footnotes":""},"categories":[7],"tags":[41],"class_list":["post-58","post","type-post","status-publish","format-standard","has-post-thumbnail","hentry","category-courses","tag-14km"],"_links":{"self":[{"href":"https:\/\/aiguillestraildesneiges.fr\/index.php?rest_route=\/wp\/v2\/posts\/58","targetHints":{"allow":["GET"]}}],"collection":[{"href":"https:\/\/aiguillestraildesneiges.fr\/index.php?rest_route=\/wp\/v2\/posts"}],"about":[{"href":"https:\/\/aiguillestraildesneiges.fr\/index.php?rest_route=\/wp\/v2\/types\/post"}],"author":[{"embeddable":true,"href":"https:\/\/aiguillestraildesneiges.fr\/index.php?rest_route=\/wp\/v2\/users\/2"}],"replies":[{"embeddable":true,"href":"https:\/\/aiguillestraildesneiges.fr\/index.php?rest_route=%2Fwp%2Fv2%2Fcomments&post=58"}],"version-history":[{"count":9,"href":"https:\/\/aiguillestraildesneiges.fr\/index.php?rest_route=\/wp\/v2\/posts\/58\/revisions"}],"predecessor-version":[{"id":2279,"href":"https:\/\/aiguillestraildesneiges.fr\/index.php?rest_route=\/wp\/v2\/posts\/58\/revisions\/2279"}],"wp:featuredmedia":[{"embeddable":true,"href":"https:\/\/aiguillestraildesneiges.fr\/index.php?rest_route=\/wp\/v2\/media\/2084"}],"wp:attachment":[{"href":"https:\/\/aiguillestraildesneiges.fr\/index.php?rest_route=%2Fwp%2Fv2%2Fmedia&parent=58"}],"wp:term":[{"taxonomy":"category","embeddable":true,"href":"https:\/\/aiguillestraildesneiges.fr\/index.php?rest_route=%2Fwp%2Fv2%2Fcategories&post=58"},{"taxonomy":"post_tag","embeddable":true,"href":"https:\/\/aiguillestraildesneiges.fr\/index.php?rest_route=%2Fwp%2Fv2%2Ftags&post=58"}],"curies":[{"name":"wp","href":"https:\/\/api.w.org\/{rel}","templated":true}]}}