{"id":1027,"date":"2021-03-24T09:59:30","date_gmt":"2021-03-24T08:59:30","guid":{"rendered":"https:\/\/aiguillestraildesneiges.fr\/?p=1027"},"modified":"2025-01-01T20:45:56","modified_gmt":"2025-01-01T19:45:56","slug":"logements","status":"publish","type":"post","link":"https:\/\/aiguillestraildesneiges.fr\/?p=1027","title":{"rendered":"Logements \u00e0 R\u00e9allon"},"content":{"rendered":"\n<p>Gr\u00e2ce \u00e0 nos partenaires logement,  nous avons des tarifs pr\u00e9f\u00e9rentiels sur de magnifique appartement de montagne en plein c\u0153ur de la station \u00e0 200 m\u00e8tre du d\u00e9part et du retrait des dossards. <\/p>\n\n\n\n<p>Lac et montagne, et Imm\u2019Agora  nos partenaires mettent \u00e0 disposition des appartements dans les r\u00e9sidences : La Gardette et Joubelle en plein c\u0153ur de la station de R\u00e9allon. . On y trouvera des appartements de 4 \u00e0 6 personnes disponibles pour une ou deux nuits.<\/p>\n\n\n\n<p>L&rsquo;hotel Le balcon des Ecrins, au pied des pistes et du d\u00e9part, louera des chambres avec petit d\u00e9jeuner (pr\u00eat bien avant l&rsquo;heure du d\u00e9part). La facilit\u00e9 d&rsquo;avant course.<\/p>\n\n\n\n<p>.<\/p>\n\n\n\n<p><\/p>\n\n\n\n<div class=\"wp-block-media-text alignwide is-stacked-on-mobile\" style=\"grid-template-columns:26% auto\"><figure class=\"wp-block-media-text__media\"><img loading=\"lazy\" decoding=\"async\" width=\"440\" height=\"367\" src=\"https:\/\/aiguillestraildesneiges.fr\/wp-content\/uploads\/2019\/10\/4saison.png\" alt=\"\" class=\"wp-image-1376 size-full\" srcset=\"https:\/\/aiguillestraildesneiges.fr\/wp-content\/uploads\/2019\/10\/4saison.png 440w, https:\/\/aiguillestraildesneiges.fr\/wp-content\/uploads\/2019\/10\/4saison-300x250.png 300w\" sizes=\"auto, (max-width: 440px) 100vw, 440px\" \/><\/figure><div class=\"wp-block-media-text__content\">\n<p>N&rsquo;h\u00e9sitez pas \u00e0 les contacter directement ou de r\u00e9server sur les plateformes de reservations en ligne. <\/p>\n\n\n\n<p>Tel : 04 82 29 39 85<\/p>\n\n\n\n<p>Lien du site internet : <a href=\"https:\/\/www.lebalcondesecrins.com\/\">https:\/\/www.lebalcondesecrins.com\/<\/a><\/p>\n<\/div><\/div>\n\n\n<div class=\"wp-block-image\">\n<figure class=\"alignleft\"><img decoding=\"async\" src=\"https:\/\/aiguillestraildesneiges.fr\/wp-content\/uploads\/2019\/03\/Lac-et-montagne.gif\" alt=\"location vacances\"\/><\/figure><\/div>\n\n\n<p>Retrouvez les logements de Lac et montagne sur leur site internet : <a href=\"http:\/\/www.serre-poncon-reallon-location.com\/locations-de-vacances\">http:\/\/www.boosyourimmo.fr<\/a>                        Tel : 0782407477<\/p>\n\n\n\n<p>.<\/p>\n\n\n\n<p>.<\/p>\n\n\n\n<p><\/p>\n\n\n<div class=\"wp-block-image\">\n<figure class=\"alignleft\"><img decoding=\"async\" src=\"https:\/\/aiguillestraildesneiges.fr\/wp-content\/uploads\/2019\/03\/Imma.png\" alt=\"Imma.png.\"\/><\/figure><\/div>\n\n\n<p>Retrouvez les logements d\u2019Imm\u2019Agora sur leur site internet : <a href=\"http:\/\/www.immagora.net\/\">http:\/\/www.immagora.net\/ <\/a><\/p>\n\n\n\n<p><\/p>\n\n\n\n<p>.<\/p>\n\n\n\n<p>.<\/p>\n\n\n\n<p><\/p>\n","protected":false},"excerpt":{"rendered":"<p>Gr\u00e2ce \u00e0 nos partenaires logement, nous avons des tarifs pr\u00e9f\u00e9rentiels sur de magnifique appartement de montagne en plein c\u0153ur de la station \u00e0 200 m\u00e8tre du d\u00e9part et du retrait<a class=\"read-more\" href=\"https:\/\/aiguillestraildesneiges.fr\/?p=1027\">Lire la Suite <\/a><\/p>\n","protected":false},"author":2,"featured_media":0,"comment_status":"closed","ping_status":"open","sticky":false,"template":"","format":"standard","meta":{"footnotes":""},"categories":[1],"tags":[44],"class_list":["post-1027","post","type-post","status-publish","format-standard","hentry","category-non-classe","tag-logements"],"_links":{"self":[{"href":"https:\/\/aiguillestraildesneiges.fr\/index.php?rest_route=\/wp\/v2\/posts\/1027","targetHints":{"allow":["GET"]}}],"collection":[{"href":"https:\/\/aiguillestraildesneiges.fr\/index.php?rest_route=\/wp\/v2\/posts"}],"about":[{"href":"https:\/\/aiguillestraildesneiges.fr\/index.php?rest_route=\/wp\/v2\/types\/post"}],"author":[{"embeddable":true,"href":"https:\/\/aiguillestraildesneiges.fr\/index.php?rest_route=\/wp\/v2\/users\/2"}],"replies":[{"embeddable":true,"href":"https:\/\/aiguillestraildesneiges.fr\/index.php?rest_route=%2Fwp%2Fv2%2Fcomments&post=1027"}],"version-history":[{"count":1,"href":"https:\/\/aiguillestraildesneiges.fr\/index.php?rest_route=\/wp\/v2\/posts\/1027\/revisions"}],"predecessor-version":[{"id":2234,"href":"https:\/\/aiguillestraildesneiges.fr\/index.php?rest_route=\/wp\/v2\/posts\/1027\/revisions\/2234"}],"wp:attachment":[{"href":"https:\/\/aiguillestraildesneiges.fr\/index.php?rest_route=%2Fwp%2Fv2%2Fmedia&parent=1027"}],"wp:term":[{"taxonomy":"category","embeddable":true,"href":"https:\/\/aiguillestraildesneiges.fr\/index.php?rest_route=%2Fwp%2Fv2%2Fcategories&post=1027"},{"taxonomy":"post_tag","embeddable":true,"href":"https:\/\/aiguillestraildesneiges.fr\/index.php?rest_route=%2Fwp%2Fv2%2Ftags&post=1027"}],"curies":[{"name":"wp","href":"https:\/\/api.w.org\/{rel}","templated":true}]}}